{"id":1582,"date":"2022-08-05T11:22:14","date_gmt":"2022-08-05T09:22:14","guid":{"rendered":"https:\/\/michelbayetto.com\/?p=1582"},"modified":"2025-05-31T16:23:56","modified_gmt":"2025-05-31T14:23:56","slug":"bio","status":"publish","type":"post","link":"https:\/\/michelbayetto.com\/?p=1582","title":{"rendered":"Bio"},"content":{"rendered":"\n<div class=\"wp-block-buttons alignwide is-layout-flex wp-block-buttons-is-layout-flex\">\n<div class=\"wp-block-button is-style-fill\"><a class=\"wp-block-button__link has-black-color has-subtle-background-color has-text-color has-background has-extra-small-font-size has-custom-font-size wp-element-button\" href=\"https:\/\/michelbayetto.com\/?p=1587\" style=\"border-radius:0px;padding-top:10px;padding-right:15px;padding-bottom:10px;padding-left:15px\">English<\/a><\/div>\n<\/div>\n\n\n\n<div class=\"wp-block-group alignfull has-normal-font-size\"><div class=\"wp-block-group__inner-container is-layout-flow wp-block-group-is-layout-flow\">\n<p class=\"tw-text-wide\">Bayetto est n\u00e9 en 1962 \u00e0 Quimperl\u00e9 (Finist\u00e8re).<\/p>\n\n\n\n<p class=\"tw-text-wide\">Il vit et travaille \u00e0 Paris.<\/p>\n\n\n\n<p class=\"tw-text-wide\">Enfant, il trouve un livre sur la Renaissance italienne. Fascin\u00e9 par l\u2019habilet\u00e9 et le talent de ces Ma\u00eetres \u00e0 rendre la beaut\u00e9 des carnations, il s\u2019essaie au dessin en recopiant les reproductions qu\u2019il y trouve.<\/p>\n\n\n\n<p class=\"tw-text-wide\">En 1981, il choisit Paris pour suivre une formation de psychomotricien, \u00e0 la Piti\u00e9 Salp\u00eatri\u00e8re. Parall\u00e8lement \u00e0 cette formation universitaire qui l\u2019initie \u00e0 la m\u00e9tapsychologie freudienne, \u00e0 la m\u00e9diation corporelle et \u00e0 la th\u00e9rapie par l\u2019art \u2013 \u00e9l\u00e9ments qui se r\u00e9v\u00e9leront constitutifs de l\u2019ontologie de son travail de peintre \u2013 il poursuit en autodidacte son exp\u00e9rimentation picturale. Il existe un espace \u2013 le paradoxe \u2013 o\u00f9, enfin, la rigidit\u00e9 n\u2019est pas la rigueur : ce que la peinture rend du r\u00e9el, c\u2019est son impossible.<\/p>\n\n\n\n<p class=\"tw-text-wide\">En 1986 il expose pour la premi\u00e8re fois \u00e0 l\u2019Entrep\u00f4t, \u00e0 Paris.<\/p>\n\n\n\n<p class=\"tw-text-wide\">Il conclut son cursus par un m\u00e9moire sur \u00ab&nbsp;La r\u00e9sonance corporelle dans le graphisme&nbsp;\u00bb et exerce pendant 7 ans comme psychoth\u00e9rapeute aupr\u00e8s d\u2019enfants autistes et psychotiques : il cr\u00e9e \u00e0 l\u2019h\u00f4pital Santos Dumont, \u00e0 Paris, un atelier d\u2019art-th\u00e9rapie et participe \u00e0 des travaux sur la psychopathologie de l\u2019expression plastique.<\/p>\n\n\n\n<p class=\"tw-text-wide\">Ses collaborations en tant qu\u2019illustrateur, initi\u00e9es par des rencontres lors de ses expositions, le rapprochent du monde de la presse et de la communication. En 1990, apr\u00e8s un an de formation \u00e0 l\u2019\u00e9cole de presse, Conforma, il cr\u00e9e avec deux autres graphistes l\u2019agence&nbsp;<em>F\u00e9licie aussi.<\/em>&nbsp;Cette collaboration durera huit ans et sera l\u2019apprentissage du pragmatisme de la communication, de la taylorisation de notions aussi subjectives que la couleur, la typo\u2026<\/p>\n\n\n\n<p class=\"tw-text-wide\">Bayetto abandonne progressivement le spectaculaire des grands formats sur papier d\u2019affiche et compose, \u00e0 l\u2019huile et sur ch\u00e2ssis toil\u00e9s, des espaces originaux. Se r\u00e9f\u00e9rant \u00e0 l\u2019expressionnisme abstrait am\u00e9ricain, notamment \u00e0 Rothko, il explore le curieux de l\u2019ordinaire. La limite devient le motif r\u00e9curent d\u2019un mod\u00e8le int\u00e9rieur et partial. De figures tut\u00e9laires, les h\u00e9ros deviennent des pr\u00e9sences famili\u00e8res. Dans cette proximit\u00e9, le ma\u00eetre savant s\u2019\u00e9loigne, le na\u00eff parle. \u00ab&nbsp;Ce sont les certitudes qui nous rendent fous&nbsp;\u00bb, disait Nietzsche. La forme est dangereuse. En se multipliant, se d\u00e9ployant, la limite devient vibration, et la structure \u00e9lusive. Le fond, la forme et la couleur sont affaire d\u2019\u00e9tat&nbsp;: ainsi s\u2019articule sa s\u00e9rie \u00ab&nbsp;Chambres&nbsp;\u00bb, expos\u00e9e en 1995 au Duplex, \u00e0 Paris.<\/p>\n\n\n\n<p class=\"tw-text-wide\">La poursuite de cette r\u00e9flexion aboutira aux \u00ab&nbsp;GrAy-flags&nbsp;\u00bb expos\u00e9s en 2005 chez Hubert Karaly, \u00e0 Paris. Cette s\u00e9quence en cinq tableaux propose un travail d\u2019abstraction des couleurs. Extraire du symbole \u2013 le&nbsp;<em>gay flag,<\/em>&nbsp;en l\u2019occurrence \u2013 sa nomenclature color\u00e9e (CMJN) pour ne retenir que sa forme. Que devient un symbole quand son int\u00e9grit\u00e9 formelle est d\u00e9grad\u00e9e ?<\/p>\n\n\n\n<p class=\"tw-text-wide\">L\u2019image peut-elle tuer ? demande Marie-Jos\u00e9 Mondzain dans son livre \u00e9ponyme. Comment \u00e9chapper \u00e0 l\u2019atopie d\u2019un imaginaire qui se referme sur lui-m\u00eame ? \u00c0 l\u2019heure du multim\u00e9dia, la peinture peut proposer autre chose qu\u2019une image et interroger le regard.<\/p>\n\n\n\n<p class=\"tw-text-wide\">Une peinture iconoclaste : voil\u00e0 un bel oxymore. Quoi de plus subversif que la subjectivit\u00e9 ?<\/p>\n\n\n\n<p class=\"tw-text-wide\">\u00c0 partir de 2008, cette approche qu\u2019il veut humaniste, incite Bayetto \u00e0 travailler le cercle chromatique de G\u0153the (le noir color\u00e9 des couleurs physiologiques) et l\u2019alt\u00e9rit\u00e9 de la figure humaine. Dans sa s\u00e9rie \u00ab&nbsp;E-jizz&nbsp;\u00bb, commenc\u00e9e en 2010 et publi\u00e9e dans le magazine \u00ab&nbsp;Monstre&nbsp;\u00bb en mai&nbsp;2012, la vulgarit\u00e9 des images laisse l\u2019irisation des couleurs d\u00e9truire ces repr\u00e9sentations prises sur internet. En utilisant l\u2019histoire folle des hommes qui, sous pr\u00e9texte de communiquer, ne cherchent qu\u2019\u00e0 se correspondre, il interroge la \u00ab&nbsp;belle peinture&nbsp;\u00bb. Dans ce pamphlet color\u00e9, le mateur d\u2019art et le \u00ab&nbsp;beau&nbsp;\u00bb deviennent les incongrues dans cette l\u00e9gion d\u2019\u00e9t\u00eat\u00e9s. L\u2019axe du regard est perpendiculaire au plan tableau. Il se cr\u00e9e alors la tangente d\u2019une troisi\u00e8me dimension \u2013 celle des sens. Le monde n\u2019est-il pas rond comme une orange ?<\/p>\n\n\n\n<p class=\"tw-text-wide\">1986 : L\u2019Entrep\u00f4t, Paris<br>1988 : Galerie m\u00e9tamorphose, exposition collective, Paris<br>1989 : H\u00f4tel de Bourienne, exposition collective, Paris<br>1990 : L\u2019Espace europ\u00e9en, Paris<br>1990 : Maison de la culture de Montmorency, Montmorency<br>1991 : Le Duplex, Paris<br>1992 : Galerie m\u00e9tamorphose, exposition collective, Paris<br>1992 : Island studio, exposition collective, Paris<br>1993 : Espace Cardin, exposition collective, Paris<br>1994 : Le Duplex, Paris<br>1997 : La Rh\u00e9nania, exposition collective, Kh\u00f6ln<br>1997 : Galerie \u00c9of, exposition collective, Paris<br>2005 : Hubert Karaly, Paris<br>2007 : Le Duplex, Paris<br>2012 : Galerie De Roussan, Magazine Monstre, group exhibit, Paris<br>2012 : L&rsquo;entresol, Paris<br>2014 : Hubert Karaly, Paris<br>2025 : <em>Foule, A2, A3, personne<\/em>, Love Letter, Bagnolet <a href=\"http:\/\/2025 : Foule, A2, A3, personne, Love Letter, Bagnolet\">[VOIR]<\/a><\/p>\n\n\n\n<p><\/p>\n<\/div><\/div>\n\n\n\n<div class=\"wp-block-columns alignwide is-layout-flex wp-container-core-columns-is-layout-28f84493 wp-block-columns-is-layout-flex\">\n<div class=\"wp-block-column is-layout-flow wp-block-column-is-layout-flow\" style=\"--col-width:100%;flex-basis:100%\"><\/div>\n<\/div>\n","protected":false},"excerpt":{"rendered":"<p>Bayetto est n\u00e9 en 1962 \u00e0 Quimperl\u00e9 (Finist\u00e8re). Il vit et travaille \u00e0 Paris. Enfant, il trouve un livre sur la Renaissance italienne. Fascin\u00e9 par l\u2019habilet\u00e9 et le talent de ces Ma\u00eetres \u00e0 rendre la beaut\u00e9 des carnations, il s\u2019essaie au dessin en recopiant les reproductions qu\u2019il y trouve. En 1981, il choisit Paris pour&hellip; <a class=\"more-link\" href=\"https:\/\/michelbayetto.com\/?p=1582\">Poursuivre la lecture <span class=\"screen-reader-text\">Bio<\/span><\/a><\/p>\n","protected":false},"author":1,"featured_media":0,"comment_status":"open","ping_status":"open","sticky":false,"template":"elementor_header_footer","format":"standard","meta":{"footnotes":""},"categories":[1],"tags":[],"class_list":["post-1582","post","type-post","status-publish","format-standard","hentry","category-non-classe","entry"],"_links":{"self":[{"href":"https:\/\/michelbayetto.com\/index.php?rest_route=\/wp\/v2\/posts\/1582","targetHints":{"allow":["GET"]}}],"collection":[{"href":"https:\/\/michelbayetto.com\/index.php?rest_route=\/wp\/v2\/posts"}],"about":[{"href":"https:\/\/michelbayetto.com\/index.php?rest_route=\/wp\/v2\/types\/post"}],"author":[{"embeddable":true,"href":"https:\/\/michelbayetto.com\/index.php?rest_route=\/wp\/v2\/users\/1"}],"replies":[{"embeddable":true,"href":"https:\/\/michelbayetto.com\/index.php?rest_route=%2Fwp%2Fv2%2Fcomments&post=1582"}],"version-history":[{"count":3,"href":"https:\/\/michelbayetto.com\/index.php?rest_route=\/wp\/v2\/posts\/1582\/revisions"}],"predecessor-version":[{"id":4132,"href":"https:\/\/michelbayetto.com\/index.php?rest_route=\/wp\/v2\/posts\/1582\/revisions\/4132"}],"wp:attachment":[{"href":"https:\/\/michelbayetto.com\/index.php?rest_route=%2Fwp%2Fv2%2Fmedia&parent=1582"}],"wp:term":[{"taxonomy":"category","embeddable":true,"href":"https:\/\/michelbayetto.com\/index.php?rest_route=%2Fwp%2Fv2%2Fcategories&post=1582"},{"taxonomy":"post_tag","embeddable":true,"href":"https:\/\/michelbayetto.com\/index.php?rest_route=%2Fwp%2Fv2%2Ftags&post=1582"}],"curies":[{"name":"wp","href":"https:\/\/api.w.org\/{rel}","templated":true}]}}